{"id":2718,"date":"2026-02-19T11:37:02","date_gmt":"2026-02-19T09:37:02","guid":{"rendered":"https:\/\/lauremartin.fr\/art\/?p=2718"},"modified":"2026-03-20T11:47:02","modified_gmt":"2026-03-20T09:47:02","slug":"je-te-prends-dans-mes-filets","status":"publish","type":"post","link":"https:\/\/lauremartin.fr\/art\/oeuvres\/je-te-prends-dans-mes-filets\/","title":{"rendered":"Je te prends dans mes filets"},"content":{"rendered":"\n<p class=\"justifier\">Un petit carnet pour croquer, dessiner, gribouiller, penser, m\u00e9diter, rager, s&rsquo;amuser&#8230; fait de petits bouts de vie assembl\u00e9s.<\/p>\n\n\n\n<hr class=\"wp-block-separator has-alpha-channel-opacity\"\/>\n\n\n\n<p class=\"justifier\">J&rsquo;ai d&rsquo;abord r\u00e9cup\u00e9r\u00e9, dans ma recyclerie domestique, une petite bo\u00eete de levure de boulangerie. Je l&rsquo;avais achet\u00e9e parce que j&rsquo;aime faire mon pain (de temps en temps, avec ma super recette de baguette magique sans p\u00e9trissage). Je l&rsquo;ai gard\u00e9e \u00e0 cause de sa petite taille : j&rsquo;ai tout de suite imagin\u00e9 de tous petits carnets, r\u00e9ceptacles de tous petits secrets, de tous petits po\u00e8mes, de tous petits croquis&#8230;<\/p>\n\n\n\n<div class=\"wp-block-columns is-layout-flex wp-container-core-columns-is-layout-28f84493 wp-block-columns-is-layout-flex\">\n<div class=\"wp-block-column is-vertically-aligned-center is-layout-flow wp-block-column-is-layout-flow\">\n<p>A sa surface, j&rsquo;ai coll\u00e9 quelques papiers vari\u00e9s :<\/p>\n\n\n\n<ul class=\"wp-block-list\">\n<li class=\"justifier\">des bouts de pages d&rsquo;une vieille \u00e9dition de poche de \u00ab\u00a0La promenade au phare\u00a0\u00bb, de Virginia Woolf, trouv\u00e9e dans une bo\u00eete \u00e0 livres \u00e0 Bordeaux, que j&rsquo;avais initialement mont\u00e9es en cache-pot, qui n&rsquo;a pas tenu, d&rsquo;o\u00f9 les traces brunes d&rsquo;humidit\u00e9, qui me font chavirer le c\u0153ur&#8230;<\/li>\n\n\n\n<li class=\"justifier\">des morceaux du papier fait main de <a href=\"https:\/\/zoeandrieux.bigcartel.com\/\">Zo\u00e9 Andrieux<\/a>, aux tonalit\u00e9s grise et violette, qui a une texture de vieille couverture \u00e9lim\u00e9e toute douce<\/li>\n\n\n\n<li class=\"justifier\">un filet d&rsquo;\u00e9chalotes, dont les bulbes ont accompagn\u00e9 ma derni\u00e8re bavette d&rsquo;aloyau, dont on pourrait penser que le rose \u00e9tait fait pour que je les ach\u00e8te, mais nous savons vous et moi que le designer graphique qui a choisi cette couleur a pens\u00e9 qu&rsquo;il se marierait super bien avec le violet du papier de Zo\u00e9 sur cette cr\u00e9ation originale et unique de l&rsquo;artiste bordelaise Laure Martin.<\/li>\n<\/ul>\n<\/div>\n\n\n\n<div class=\"wp-block-column is-layout-flow wp-block-column-is-layout-flow\">\n<figure class=\"wp-block-image size-large has-custom-border\"><img loading=\"lazy\" decoding=\"async\" width=\"1024\" height=\"1024\" src=\"https:\/\/lauremartin.fr\/art\/wp-content\/uploads\/sites\/4\/2026\/02\/Carnet-filet-rose_1-1024x1024.jpg\" alt=\"\" class=\"wp-image-2720\" style=\"border-top-left-radius:20px;border-top-right-radius:20px;border-bottom-left-radius:20px;border-bottom-right-radius:20px\" srcset=\"https:\/\/lauremartin.fr\/art\/wp-content\/uploads\/sites\/4\/2026\/02\/Carnet-filet-rose_1-1024x1024.jpg 1024w, https:\/\/lauremartin.fr\/art\/wp-content\/uploads\/sites\/4\/2026\/02\/Carnet-filet-rose_1-300x300.jpg 300w, https:\/\/lauremartin.fr\/art\/wp-content\/uploads\/sites\/4\/2026\/02\/Carnet-filet-rose_1-150x150.jpg 150w, https:\/\/lauremartin.fr\/art\/wp-content\/uploads\/sites\/4\/2026\/02\/Carnet-filet-rose_1-768x768.jpg 768w, https:\/\/lauremartin.fr\/art\/wp-content\/uploads\/sites\/4\/2026\/02\/Carnet-filet-rose_1.jpg 1080w\" sizes=\"auto, (max-width: 1024px) 100vw, 1024px\" \/><\/figure>\n<\/div>\n<\/div>\n\n\n\n<p class=\"justifier\">A l&rsquo;int\u00e9rieur, ces petites portes bleues sont la trace d&rsquo;\u00e9tiquettes d\u00e9coup\u00e9es avec une poin\u00e7onneuse en plastique rose achet\u00e9e dans un magasin de loisirs cr\u00e9atifs. Elles me servent \u00e0 indiquer les prix de mes cr\u00e9ations quand je les propose hors de mon atelier.<\/p>\n\n\n\n<div class=\"wp-block-columns is-layout-flex wp-container-core-columns-is-layout-28f84493 wp-block-columns-is-layout-flex\">\n<div class=\"wp-block-column is-layout-flow wp-block-column-is-layout-flow\">\n<figure class=\"wp-block-image size-large has-custom-border\"><img loading=\"lazy\" decoding=\"async\" width=\"1024\" height=\"1024\" src=\"https:\/\/lauremartin.fr\/art\/wp-content\/uploads\/sites\/4\/2026\/02\/Carnet-filet-rose_2-1024x1024.jpg\" alt=\"\" class=\"wp-image-2721\" style=\"border-top-left-radius:20px;border-top-right-radius:20px;border-bottom-left-radius:20px;border-bottom-right-radius:20px\" srcset=\"https:\/\/lauremartin.fr\/art\/wp-content\/uploads\/sites\/4\/2026\/02\/Carnet-filet-rose_2-1024x1024.jpg 1024w, https:\/\/lauremartin.fr\/art\/wp-content\/uploads\/sites\/4\/2026\/02\/Carnet-filet-rose_2-300x300.jpg 300w, https:\/\/lauremartin.fr\/art\/wp-content\/uploads\/sites\/4\/2026\/02\/Carnet-filet-rose_2-150x150.jpg 150w, https:\/\/lauremartin.fr\/art\/wp-content\/uploads\/sites\/4\/2026\/02\/Carnet-filet-rose_2-768x768.jpg 768w, https:\/\/lauremartin.fr\/art\/wp-content\/uploads\/sites\/4\/2026\/02\/Carnet-filet-rose_2.jpg 1080w\" sizes=\"auto, (max-width: 1024px) 100vw, 1024px\" \/><\/figure>\n<\/div>\n\n\n\n<div class=\"wp-block-column is-layout-flow wp-block-column-is-layout-flow\">\n<figure class=\"wp-block-image size-large has-custom-border\"><img loading=\"lazy\" decoding=\"async\" width=\"1024\" height=\"1024\" src=\"https:\/\/lauremartin.fr\/art\/wp-content\/uploads\/sites\/4\/2026\/02\/Carnet-filet-rose_3-1024x1024.jpg\" alt=\"\" class=\"wp-image-2722\" style=\"border-top-left-radius:20px;border-top-right-radius:20px;border-bottom-left-radius:20px;border-bottom-right-radius:20px\" srcset=\"https:\/\/lauremartin.fr\/art\/wp-content\/uploads\/sites\/4\/2026\/02\/Carnet-filet-rose_3-1024x1024.jpg 1024w, https:\/\/lauremartin.fr\/art\/wp-content\/uploads\/sites\/4\/2026\/02\/Carnet-filet-rose_3-300x300.jpg 300w, https:\/\/lauremartin.fr\/art\/wp-content\/uploads\/sites\/4\/2026\/02\/Carnet-filet-rose_3-150x150.jpg 150w, https:\/\/lauremartin.fr\/art\/wp-content\/uploads\/sites\/4\/2026\/02\/Carnet-filet-rose_3-768x768.jpg 768w, https:\/\/lauremartin.fr\/art\/wp-content\/uploads\/sites\/4\/2026\/02\/Carnet-filet-rose_3.jpg 1080w\" sizes=\"auto, (max-width: 1024px) 100vw, 1024px\" \/><\/figure>\n<\/div>\n<\/div>\n\n\n\n<p class=\"justifier\">Il y a aussi des languettes toutes fines de sachets kraft brun et bleu, d\u00e9chets de d\u00e9coupe des pages, du papier transparent de la boulangerie qui se trouve au milieu de l&rsquo;avenue Thiers \u00e0 Bordeaux, et quelques traces de crayon rose (un trognon de la trousse d&rsquo;\u00e9coli\u00e8re de ma fille) qui traversent l&rsquo;espace.<\/p>\n\n\n\n<div class=\"wp-block-columns is-layout-flex wp-container-core-columns-is-layout-28f84493 wp-block-columns-is-layout-flex\">\n<div class=\"wp-block-column is-layout-flow wp-block-column-is-layout-flow\"><\/div>\n\n\n\n<div class=\"wp-block-column is-layout-flow wp-block-column-is-layout-flow\" style=\"flex-basis:30%\">\n<figure class=\"wp-block-embed is-type-video is-provider-youtube wp-block-embed-youtube wp-embed-aspect-9-16 wp-has-aspect-ratio\" style=\"margin-top:0;margin-bottom:0\"><div class=\"wp-block-embed__wrapper\">\n<iframe loading=\"lazy\" title=\"Reliure manuelle des feuillets\" width=\"422\" height=\"750\" src=\"https:\/\/www.youtube.com\/embed\/4ePfo4XljOM?feature=oembed\" frameborder=\"0\" allow=\"accelerometer; autoplay; clipboard-write; encrypted-media; gyroscope; picture-in-picture; web-share\" referrerpolicy=\"strict-origin-when-cross-origin\" allowfullscreen><\/iframe>\n<\/div><\/figure>\n<\/div>\n\n\n\n<div class=\"wp-block-column is-vertically-aligned-center is-layout-flow wp-block-column-is-layout-flow\" style=\"flex-basis:30%\">\n<p class=\"justifier\">J&rsquo;ai confectionn\u00e9 les pages \u00e0 partir de sachets de vrac d&rsquo;\u00e9picerie. Graines et \u00e9pices ont laiss\u00e9 leurs traces, parfois huileuses, parfois olfactives. Elles sont assembl\u00e9es par reliure manuelle, avec une aiguille courbe insupportable \u00e0 manier, surtout quand les feuillets ne s&rsquo;alignent pas.<\/p>\n<\/div>\n\n\n\n<div class=\"wp-block-column is-layout-flow wp-block-column-is-layout-flow\"><\/div>\n<\/div>\n\n\n\n<p class=\"justifier\">Gr\u00e2ce \u00e0 mon amie Estelle, la fermeture se fait \u00e0 l&rsquo;aide d&rsquo;une cordelette un peu rugueuse. Elle l&rsquo;a utilis\u00e9e pour fermer le sachet de verveine qu&rsquo;elle m&rsquo;a offert la derni\u00e8re fois que nous nous sommes vues, verveine qui pousse dans le jardin de son cousin o\u00f9 elle va souvent.<\/p>\n\n\n\n<figure class=\"wp-block-gallery has-nested-images columns-default is-cropped wp-block-gallery-1 is-layout-flex wp-block-gallery-is-layout-flex\">\n<figure class=\"wp-block-image size-large has-custom-border\"><img loading=\"lazy\" decoding=\"async\" width=\"1024\" height=\"1024\" data-id=\"2723\" src=\"https:\/\/lauremartin.fr\/art\/wp-content\/uploads\/sites\/4\/2026\/02\/Carnet-filet-rose_4-1024x1024.jpg\" alt=\"\" class=\"wp-image-2723\" style=\"border-top-left-radius:20px;border-top-right-radius:20px;border-bottom-left-radius:20px;border-bottom-right-radius:20px\" srcset=\"https:\/\/lauremartin.fr\/art\/wp-content\/uploads\/sites\/4\/2026\/02\/Carnet-filet-rose_4-1024x1024.jpg 1024w, https:\/\/lauremartin.fr\/art\/wp-content\/uploads\/sites\/4\/2026\/02\/Carnet-filet-rose_4-300x300.jpg 300w, https:\/\/lauremartin.fr\/art\/wp-content\/uploads\/sites\/4\/2026\/02\/Carnet-filet-rose_4-150x150.jpg 150w, https:\/\/lauremartin.fr\/art\/wp-content\/uploads\/sites\/4\/2026\/02\/Carnet-filet-rose_4-768x768.jpg 768w, https:\/\/lauremartin.fr\/art\/wp-content\/uploads\/sites\/4\/2026\/02\/Carnet-filet-rose_4.jpg 1080w\" sizes=\"auto, (max-width: 1024px) 100vw, 1024px\" \/><\/figure>\n\n\n\n<figure class=\"wp-block-image size-large has-custom-border\"><img loading=\"lazy\" decoding=\"async\" width=\"1024\" height=\"1024\" data-id=\"2948\" src=\"https:\/\/lauremartin.fr\/art\/wp-content\/uploads\/sites\/4\/2026\/02\/Carnet-filet-rose_5-1024x1024.jpg\" alt=\"\" class=\"wp-image-2948\" style=\"border-top-left-radius:20px;border-top-right-radius:20px;border-bottom-left-radius:20px;border-bottom-right-radius:20px\" srcset=\"https:\/\/lauremartin.fr\/art\/wp-content\/uploads\/sites\/4\/2026\/02\/Carnet-filet-rose_5-1024x1024.jpg 1024w, https:\/\/lauremartin.fr\/art\/wp-content\/uploads\/sites\/4\/2026\/02\/Carnet-filet-rose_5-300x300.jpg 300w, https:\/\/lauremartin.fr\/art\/wp-content\/uploads\/sites\/4\/2026\/02\/Carnet-filet-rose_5-150x150.jpg 150w, https:\/\/lauremartin.fr\/art\/wp-content\/uploads\/sites\/4\/2026\/02\/Carnet-filet-rose_5-768x768.jpg 768w, https:\/\/lauremartin.fr\/art\/wp-content\/uploads\/sites\/4\/2026\/02\/Carnet-filet-rose_5-600x600.jpg 600w, https:\/\/lauremartin.fr\/art\/wp-content\/uploads\/sites\/4\/2026\/02\/Carnet-filet-rose_5-100x100.jpg 100w, https:\/\/lauremartin.fr\/art\/wp-content\/uploads\/sites\/4\/2026\/02\/Carnet-filet-rose_5.jpg 1080w\" sizes=\"auto, (max-width: 1024px) 100vw, 1024px\" \/><\/figure>\n<\/figure>\n\n\n\n<div class=\"wp-block-columns is-layout-flex wp-container-core-columns-is-layout-28f84493 wp-block-columns-is-layout-flex\">\n<div class=\"wp-block-column is-layout-flow wp-block-column-is-layout-flow\"><\/div>\n\n\n\n<div class=\"wp-block-column is-vertically-aligned-center is-layout-flow wp-block-column-is-layout-flow\" style=\"flex-basis:30%\">\n<p class=\"justifier\">D\u00e9tail de finition, les angles arrondis. Ceux de la couverture sont fa\u00e7onn\u00e9s \u00e0 l&rsquo;aide d&rsquo;une perforatrice appropri\u00e9e, mais elle n&rsquo;arrive pas \u00e0 d\u00e9couper les angles des feuilles de kraft. Je ne pouvais pas ne pas les tailler une par une \u00e0 l&rsquo;aide de ciseaux. A quoi ce carnet aurait-il ressembl\u00e9, sinon ?<\/p>\n<\/div>\n\n\n\n<div class=\"wp-block-column is-vertically-aligned-center is-layout-flow wp-block-column-is-layout-flow\" style=\"flex-basis:30%\">\n<figure class=\"wp-block-embed is-type-video is-provider-youtube wp-block-embed-youtube wp-embed-aspect-9-16 wp-has-aspect-ratio\"><div class=\"wp-block-embed__wrapper\">\n<iframe loading=\"lazy\" title=\"Arrondir les angles, litt\u00e9ralement\" width=\"422\" height=\"750\" src=\"https:\/\/www.youtube.com\/embed\/Uh37mUbrlZc?feature=oembed\" frameborder=\"0\" allow=\"accelerometer; autoplay; clipboard-write; encrypted-media; gyroscope; picture-in-picture; web-share\" referrerpolicy=\"strict-origin-when-cross-origin\" allowfullscreen><\/iframe>\n<\/div><\/figure>\n<\/div>\n\n\n\n<div class=\"wp-block-column is-layout-flow wp-block-column-is-layout-flow\"><\/div>\n<\/div>\n\n\n\n<div style=\"height:30px\" aria-hidden=\"true\" class=\"wp-block-spacer\"><\/div>\n\n\n\n<p class=\"justifier\">\u00c7a me fascine, ces fragments de vie qui s&rsquo;assemblent, par la magie du vivant, dans des circonvolutions qui nous \u00e9chappent totalement. Quand j&rsquo;essaie de contr\u00f4ler ma vie, je repense \u00e0 ces bouts de papier qui convergent vers mon atelier. C&rsquo;est \u00e0 la fois attendrissant, parce que je comprends l&rsquo;\u00e9lan du contr\u00f4le (me rassurer, avoir le sentiment que mon petit \u00ab\u00a0Je\u00a0\u00bb est pour quelque chose dans ce qui est \u00e0 l\u2019\u0153uvre), et en m\u00eame temps totalement vain et superflu. Bref&#8230;<\/p>\n\n\n\n<p class=\"justifier\">Au final, je suis tr\u00e8s contente de ce petit carnet ! J&rsquo;ai ador\u00e9 voir les couleurs de la couverture s&rsquo;assembler au fur et \u00e0 mesure du processus, et j&rsquo;aime sentir la rugosit\u00e9 de la cordelette qui chatouille mes doigts pendant que je tourne les pages. Je me demande ce que son acqu\u00e9reur va lui trouver, et ce qu&rsquo;il en fera&#8230;<\/p>\n\n\n\n<div class=\"wp-block-buttons is-layout-flex wp-block-buttons-is-layout-flex\">\n<div class=\"wp-block-button\"><a class=\"wp-block-button__link has-medium-font-size has-custom-font-size wp-element-button\" href=\"https:\/\/lauremartin.fr\/art\/produit\/je-te-prends-dans-mes-filets\/\">Acheter<\/a><\/div>\n<\/div>\n\n\n\n<p><\/p>\n","protected":false},"excerpt":{"rendered":"<p>Un petit carnet pour croquer, dessiner, gribouiller, penser, m\u00e9diter, rager, s&rsquo;amuser, fait de petits bouts de vie assembl\u00e9s.<\/p>\n","protected":false},"author":2,"featured_media":2948,"comment_status":"closed","ping_status":"closed","sticky":false,"template":"","format":"standard","meta":{"footnotes":""},"categories":[5,22],"tags":[69,122],"class_list":["post-2718","post","type-post","status-publish","format-standard","has-post-thumbnail","hentry","category-oeuvres","category-carnets","tag-nb-ex-piece-unique","tag-annee-2026"],"yoast_head":"<!-- This site is optimized with the Yoast SEO plugin v27.5 - https:\/\/yoast.com\/product\/yoast-seo-wordpress\/ -->\n<title>Je te prends dans mes filets - Laure Martin, artiste plasticienne \u00e0 Bordeaux<\/title>\n<meta name=\"robots\" content=\"index, follow, max-snippet:-1, max-image-preview:large, max-video-preview:-1\" \/>\n<link rel=\"canonical\" href=\"https:\/\/lauremartin.fr\/art\/oeuvres\/je-te-prends-dans-mes-filets\/\" \/>\n<meta property=\"og:locale\" content=\"fr_FR\" \/>\n<meta property=\"og:type\" content=\"article\" \/>\n<meta property=\"og:title\" content=\"Je te prends dans mes filets - Laure Martin, artiste plasticienne \u00e0 Bordeaux\" \/>\n<meta property=\"og:description\" content=\"Un petit carnet pour croquer, dessiner, gribouiller, penser, m\u00e9diter, rager, s&#039;amuser, fait de petits bouts de vie assembl\u00e9s.\" \/>\n<meta property=\"og:url\" content=\"https:\/\/lauremartin.fr\/art\/oeuvres\/je-te-prends-dans-mes-filets\/\" \/>\n<meta property=\"og:site_name\" content=\"Laure Martin, artiste plasticienne \u00e0 Bordeaux\" \/>\n<meta property=\"article:published_time\" content=\"2026-02-19T09:37:02+00:00\" \/>\n<meta property=\"article:modified_time\" content=\"2026-03-20T09:47:02+00:00\" \/>\n<meta property=\"og:image\" content=\"https:\/\/lauremartin.fr\/art\/wp-content\/uploads\/sites\/4\/2026\/02\/Carnet-filet-rose_5.jpg\" \/>\n\t<meta property=\"og:image:width\" content=\"1080\" \/>\n\t<meta property=\"og:image:height\" content=\"1080\" \/>\n\t<meta property=\"og:image:type\" content=\"image\/jpeg\" \/>\n<meta name=\"author\" content=\"Laure Martin\" \/>\n<meta name=\"twitter:card\" content=\"summary_large_image\" \/>\n<meta name=\"twitter:label1\" content=\"\u00c9crit par\" \/>\n\t<meta name=\"twitter:data1\" content=\"Laure Martin\" \/>\n\t<meta name=\"twitter:label2\" content=\"Dur\u00e9e de lecture estim\u00e9e\" \/>\n\t<meta name=\"twitter:data2\" content=\"5 minutes\" \/>\n<script type=\"application\/ld+json\" class=\"yoast-schema-graph\">{\"@context\":\"https:\\\/\\\/schema.org\",\"@graph\":[{\"@type\":\"Article\",\"@id\":\"https:\\\/\\\/lauremartin.fr\\\/art\\\/oeuvres\\\/je-te-prends-dans-mes-filets\\\/#article\",\"isPartOf\":{\"@id\":\"https:\\\/\\\/lauremartin.fr\\\/art\\\/oeuvres\\\/je-te-prends-dans-mes-filets\\\/\"},\"author\":{\"name\":\"Laure Martin\",\"@id\":\"https:\\\/\\\/lauremartin.fr\\\/art\\\/#\\\/schema\\\/person\\\/a08d539c0a8fd3d25900f0b9f24c301f\"},\"headline\":\"Je te prends dans mes filets\",\"datePublished\":\"2026-02-19T09:37:02+00:00\",\"dateModified\":\"2026-03-20T09:47:02+00:00\",\"mainEntityOfPage\":{\"@id\":\"https:\\\/\\\/lauremartin.fr\\\/art\\\/oeuvres\\\/je-te-prends-dans-mes-filets\\\/\"},\"wordCount\":696,\"publisher\":{\"@id\":\"https:\\\/\\\/lauremartin.fr\\\/art\\\/#organization\"},\"image\":{\"@id\":\"https:\\\/\\\/lauremartin.fr\\\/art\\\/oeuvres\\\/je-te-prends-dans-mes-filets\\\/#primaryimage\"},\"thumbnailUrl\":\"https:\\\/\\\/lauremartin.fr\\\/art\\\/wp-content\\\/uploads\\\/sites\\\/4\\\/2026\\\/02\\\/Carnet-filet-rose_5.jpg\",\"keywords\":[\"Nb ex : pi\u00e8ce unique\",\"Ann\u00e9e : 2026\"],\"articleSection\":[\"Oeuvres\",\"Carnets\"],\"inLanguage\":\"fr-FR\"},{\"@type\":\"WebPage\",\"@id\":\"https:\\\/\\\/lauremartin.fr\\\/art\\\/oeuvres\\\/je-te-prends-dans-mes-filets\\\/\",\"url\":\"https:\\\/\\\/lauremartin.fr\\\/art\\\/oeuvres\\\/je-te-prends-dans-mes-filets\\\/\",\"name\":\"Je te prends dans mes filets - Laure Martin, artiste plasticienne \u00e0 Bordeaux\",\"isPartOf\":{\"@id\":\"https:\\\/\\\/lauremartin.fr\\\/art\\\/#website\"},\"primaryImageOfPage\":{\"@id\":\"https:\\\/\\\/lauremartin.fr\\\/art\\\/oeuvres\\\/je-te-prends-dans-mes-filets\\\/#primaryimage\"},\"image\":{\"@id\":\"https:\\\/\\\/lauremartin.fr\\\/art\\\/oeuvres\\\/je-te-prends-dans-mes-filets\\\/#primaryimage\"},\"thumbnailUrl\":\"https:\\\/\\\/lauremartin.fr\\\/art\\\/wp-content\\\/uploads\\\/sites\\\/4\\\/2026\\\/02\\\/Carnet-filet-rose_5.jpg\",\"datePublished\":\"2026-02-19T09:37:02+00:00\",\"dateModified\":\"2026-03-20T09:47:02+00:00\",\"breadcrumb\":{\"@id\":\"https:\\\/\\\/lauremartin.fr\\\/art\\\/oeuvres\\\/je-te-prends-dans-mes-filets\\\/#breadcrumb\"},\"inLanguage\":\"fr-FR\",\"potentialAction\":[{\"@type\":\"ReadAction\",\"target\":[\"https:\\\/\\\/lauremartin.fr\\\/art\\\/oeuvres\\\/je-te-prends-dans-mes-filets\\\/\"]}]},{\"@type\":\"ImageObject\",\"inLanguage\":\"fr-FR\",\"@id\":\"https:\\\/\\\/lauremartin.fr\\\/art\\\/oeuvres\\\/je-te-prends-dans-mes-filets\\\/#primaryimage\",\"url\":\"https:\\\/\\\/lauremartin.fr\\\/art\\\/wp-content\\\/uploads\\\/sites\\\/4\\\/2026\\\/02\\\/Carnet-filet-rose_5.jpg\",\"contentUrl\":\"https:\\\/\\\/lauremartin.fr\\\/art\\\/wp-content\\\/uploads\\\/sites\\\/4\\\/2026\\\/02\\\/Carnet-filet-rose_5.jpg\",\"width\":1080,\"height\":1080},{\"@type\":\"BreadcrumbList\",\"@id\":\"https:\\\/\\\/lauremartin.fr\\\/art\\\/oeuvres\\\/je-te-prends-dans-mes-filets\\\/#breadcrumb\",\"itemListElement\":[{\"@type\":\"ListItem\",\"position\":1,\"name\":\"Accueil\",\"item\":\"https:\\\/\\\/lauremartin.fr\\\/art\\\/\"},{\"@type\":\"ListItem\",\"position\":2,\"name\":\"Je te prends dans mes filets\"}]},{\"@type\":\"WebSite\",\"@id\":\"https:\\\/\\\/lauremartin.fr\\\/art\\\/#website\",\"url\":\"https:\\\/\\\/lauremartin.fr\\\/art\\\/\",\"name\":\"Laure Martin, artiste plasticienne \u00e0 Bordeaux\",\"description\":\"Pour un art respectueux du vivant\",\"publisher\":{\"@id\":\"https:\\\/\\\/lauremartin.fr\\\/art\\\/#organization\"},\"potentialAction\":[{\"@type\":\"SearchAction\",\"target\":{\"@type\":\"EntryPoint\",\"urlTemplate\":\"https:\\\/\\\/lauremartin.fr\\\/art\\\/?s={search_term_string}\"},\"query-input\":{\"@type\":\"PropertyValueSpecification\",\"valueRequired\":true,\"valueName\":\"search_term_string\"}}],\"inLanguage\":\"fr-FR\"},{\"@type\":\"Organization\",\"@id\":\"https:\\\/\\\/lauremartin.fr\\\/art\\\/#organization\",\"name\":\"Laure Martin, artiste plasticienne \u00e0 Bordeaux\",\"url\":\"https:\\\/\\\/lauremartin.fr\\\/art\\\/\",\"logo\":{\"@type\":\"ImageObject\",\"inLanguage\":\"fr-FR\",\"@id\":\"https:\\\/\\\/lauremartin.fr\\\/art\\\/#\\\/schema\\\/logo\\\/image\\\/\",\"url\":\"https:\\\/\\\/lauremartin.fr\\\/art\\\/wp-content\\\/uploads\\\/sites\\\/4\\\/2026\\\/01\\\/logo-full-blanc.png\",\"contentUrl\":\"https:\\\/\\\/lauremartin.fr\\\/art\\\/wp-content\\\/uploads\\\/sites\\\/4\\\/2026\\\/01\\\/logo-full-blanc.png\",\"width\":926,\"height\":564,\"caption\":\"Laure Martin, artiste plasticienne \u00e0 Bordeaux\"},\"image\":{\"@id\":\"https:\\\/\\\/lauremartin.fr\\\/art\\\/#\\\/schema\\\/logo\\\/image\\\/\"}},{\"@type\":\"Person\",\"@id\":\"https:\\\/\\\/lauremartin.fr\\\/art\\\/#\\\/schema\\\/person\\\/a08d539c0a8fd3d25900f0b9f24c301f\",\"name\":\"Laure Martin\",\"image\":{\"@type\":\"ImageObject\",\"inLanguage\":\"fr-FR\",\"@id\":\"https:\\\/\\\/secure.gravatar.com\\\/avatar\\\/5b6a494041c6dd90abd4bd37df4701c58e8eca92b1e5ea044aa53f0d5610213b?s=96&d=mm&r=g\",\"url\":\"https:\\\/\\\/secure.gravatar.com\\\/avatar\\\/5b6a494041c6dd90abd4bd37df4701c58e8eca92b1e5ea044aa53f0d5610213b?s=96&d=mm&r=g\",\"contentUrl\":\"https:\\\/\\\/secure.gravatar.com\\\/avatar\\\/5b6a494041c6dd90abd4bd37df4701c58e8eca92b1e5ea044aa53f0d5610213b?s=96&d=mm&r=g\",\"caption\":\"Laure Martin\"},\"sameAs\":[\"https:\\\/\\\/lauremartin.fr\"],\"url\":\"https:\\\/\\\/lauremartin.fr\\\/art\\\/author\\\/laure\\\/\"}]}<\/script>\n<!-- \/ Yoast SEO plugin. -->","yoast_head_json":{"title":"Je te prends dans mes filets - Laure Martin, artiste plasticienne \u00e0 Bordeaux","robots":{"index":"index","follow":"follow","max-snippet":"max-snippet:-1","max-image-preview":"max-image-preview:large","max-video-preview":"max-video-preview:-1"},"canonical":"https:\/\/lauremartin.fr\/art\/oeuvres\/je-te-prends-dans-mes-filets\/","og_locale":"fr_FR","og_type":"article","og_title":"Je te prends dans mes filets - Laure Martin, artiste plasticienne \u00e0 Bordeaux","og_description":"Un petit carnet pour croquer, dessiner, gribouiller, penser, m\u00e9diter, rager, s'amuser, fait de petits bouts de vie assembl\u00e9s.","og_url":"https:\/\/lauremartin.fr\/art\/oeuvres\/je-te-prends-dans-mes-filets\/","og_site_name":"Laure Martin, artiste plasticienne \u00e0 Bordeaux","article_published_time":"2026-02-19T09:37:02+00:00","article_modified_time":"2026-03-20T09:47:02+00:00","og_image":[{"width":1080,"height":1080,"url":"https:\/\/lauremartin.fr\/art\/wp-content\/uploads\/sites\/4\/2026\/02\/Carnet-filet-rose_5.jpg","type":"image\/jpeg"}],"author":"Laure Martin","twitter_card":"summary_large_image","twitter_misc":{"\u00c9crit par":"Laure Martin","Dur\u00e9e de lecture estim\u00e9e":"5 minutes"},"schema":{"@context":"https:\/\/schema.org","@graph":[{"@type":"Article","@id":"https:\/\/lauremartin.fr\/art\/oeuvres\/je-te-prends-dans-mes-filets\/#article","isPartOf":{"@id":"https:\/\/lauremartin.fr\/art\/oeuvres\/je-te-prends-dans-mes-filets\/"},"author":{"name":"Laure Martin","@id":"https:\/\/lauremartin.fr\/art\/#\/schema\/person\/a08d539c0a8fd3d25900f0b9f24c301f"},"headline":"Je te prends dans mes filets","datePublished":"2026-02-19T09:37:02+00:00","dateModified":"2026-03-20T09:47:02+00:00","mainEntityOfPage":{"@id":"https:\/\/lauremartin.fr\/art\/oeuvres\/je-te-prends-dans-mes-filets\/"},"wordCount":696,"publisher":{"@id":"https:\/\/lauremartin.fr\/art\/#organization"},"image":{"@id":"https:\/\/lauremartin.fr\/art\/oeuvres\/je-te-prends-dans-mes-filets\/#primaryimage"},"thumbnailUrl":"https:\/\/lauremartin.fr\/art\/wp-content\/uploads\/sites\/4\/2026\/02\/Carnet-filet-rose_5.jpg","keywords":["Nb ex : pi\u00e8ce unique","Ann\u00e9e : 2026"],"articleSection":["Oeuvres","Carnets"],"inLanguage":"fr-FR"},{"@type":"WebPage","@id":"https:\/\/lauremartin.fr\/art\/oeuvres\/je-te-prends-dans-mes-filets\/","url":"https:\/\/lauremartin.fr\/art\/oeuvres\/je-te-prends-dans-mes-filets\/","name":"Je te prends dans mes filets - Laure Martin, artiste plasticienne \u00e0 Bordeaux","isPartOf":{"@id":"https:\/\/lauremartin.fr\/art\/#website"},"primaryImageOfPage":{"@id":"https:\/\/lauremartin.fr\/art\/oeuvres\/je-te-prends-dans-mes-filets\/#primaryimage"},"image":{"@id":"https:\/\/lauremartin.fr\/art\/oeuvres\/je-te-prends-dans-mes-filets\/#primaryimage"},"thumbnailUrl":"https:\/\/lauremartin.fr\/art\/wp-content\/uploads\/sites\/4\/2026\/02\/Carnet-filet-rose_5.jpg","datePublished":"2026-02-19T09:37:02+00:00","dateModified":"2026-03-20T09:47:02+00:00","breadcrumb":{"@id":"https:\/\/lauremartin.fr\/art\/oeuvres\/je-te-prends-dans-mes-filets\/#breadcrumb"},"inLanguage":"fr-FR","potentialAction":[{"@type":"ReadAction","target":["https:\/\/lauremartin.fr\/art\/oeuvres\/je-te-prends-dans-mes-filets\/"]}]},{"@type":"ImageObject","inLanguage":"fr-FR","@id":"https:\/\/lauremartin.fr\/art\/oeuvres\/je-te-prends-dans-mes-filets\/#primaryimage","url":"https:\/\/lauremartin.fr\/art\/wp-content\/uploads\/sites\/4\/2026\/02\/Carnet-filet-rose_5.jpg","contentUrl":"https:\/\/lauremartin.fr\/art\/wp-content\/uploads\/sites\/4\/2026\/02\/Carnet-filet-rose_5.jpg","width":1080,"height":1080},{"@type":"BreadcrumbList","@id":"https:\/\/lauremartin.fr\/art\/oeuvres\/je-te-prends-dans-mes-filets\/#breadcrumb","itemListElement":[{"@type":"ListItem","position":1,"name":"Accueil","item":"https:\/\/lauremartin.fr\/art\/"},{"@type":"ListItem","position":2,"name":"Je te prends dans mes filets"}]},{"@type":"WebSite","@id":"https:\/\/lauremartin.fr\/art\/#website","url":"https:\/\/lauremartin.fr\/art\/","name":"Laure Martin, artiste plasticienne \u00e0 Bordeaux","description":"Pour un art respectueux du vivant","publisher":{"@id":"https:\/\/lauremartin.fr\/art\/#organization"},"potentialAction":[{"@type":"SearchAction","target":{"@type":"EntryPoint","urlTemplate":"https:\/\/lauremartin.fr\/art\/?s={search_term_string}"},"query-input":{"@type":"PropertyValueSpecification","valueRequired":true,"valueName":"search_term_string"}}],"inLanguage":"fr-FR"},{"@type":"Organization","@id":"https:\/\/lauremartin.fr\/art\/#organization","name":"Laure Martin, artiste plasticienne \u00e0 Bordeaux","url":"https:\/\/lauremartin.fr\/art\/","logo":{"@type":"ImageObject","inLanguage":"fr-FR","@id":"https:\/\/lauremartin.fr\/art\/#\/schema\/logo\/image\/","url":"https:\/\/lauremartin.fr\/art\/wp-content\/uploads\/sites\/4\/2026\/01\/logo-full-blanc.png","contentUrl":"https:\/\/lauremartin.fr\/art\/wp-content\/uploads\/sites\/4\/2026\/01\/logo-full-blanc.png","width":926,"height":564,"caption":"Laure Martin, artiste plasticienne \u00e0 Bordeaux"},"image":{"@id":"https:\/\/lauremartin.fr\/art\/#\/schema\/logo\/image\/"}},{"@type":"Person","@id":"https:\/\/lauremartin.fr\/art\/#\/schema\/person\/a08d539c0a8fd3d25900f0b9f24c301f","name":"Laure Martin","image":{"@type":"ImageObject","inLanguage":"fr-FR","@id":"https:\/\/secure.gravatar.com\/avatar\/5b6a494041c6dd90abd4bd37df4701c58e8eca92b1e5ea044aa53f0d5610213b?s=96&d=mm&r=g","url":"https:\/\/secure.gravatar.com\/avatar\/5b6a494041c6dd90abd4bd37df4701c58e8eca92b1e5ea044aa53f0d5610213b?s=96&d=mm&r=g","contentUrl":"https:\/\/secure.gravatar.com\/avatar\/5b6a494041c6dd90abd4bd37df4701c58e8eca92b1e5ea044aa53f0d5610213b?s=96&d=mm&r=g","caption":"Laure Martin"},"sameAs":["https:\/\/lauremartin.fr"],"url":"https:\/\/lauremartin.fr\/art\/author\/laure\/"}]}},"_links":{"self":[{"href":"https:\/\/lauremartin.fr\/art\/wp-json\/wp\/v2\/posts\/2718","targetHints":{"allow":["GET"]}}],"collection":[{"href":"https:\/\/lauremartin.fr\/art\/wp-json\/wp\/v2\/posts"}],"about":[{"href":"https:\/\/lauremartin.fr\/art\/wp-json\/wp\/v2\/types\/post"}],"author":[{"embeddable":true,"href":"https:\/\/lauremartin.fr\/art\/wp-json\/wp\/v2\/users\/2"}],"replies":[{"embeddable":true,"href":"https:\/\/lauremartin.fr\/art\/wp-json\/wp\/v2\/comments?post=2718"}],"version-history":[{"count":24,"href":"https:\/\/lauremartin.fr\/art\/wp-json\/wp\/v2\/posts\/2718\/revisions"}],"predecessor-version":[{"id":2953,"href":"https:\/\/lauremartin.fr\/art\/wp-json\/wp\/v2\/posts\/2718\/revisions\/2953"}],"wp:featuredmedia":[{"embeddable":true,"href":"https:\/\/lauremartin.fr\/art\/wp-json\/wp\/v2\/media\/2948"}],"wp:attachment":[{"href":"https:\/\/lauremartin.fr\/art\/wp-json\/wp\/v2\/media?parent=2718"}],"wp:term":[{"taxonomy":"category","embeddable":true,"href":"https:\/\/lauremartin.fr\/art\/wp-json\/wp\/v2\/categories?post=2718"},{"taxonomy":"post_tag","embeddable":true,"href":"https:\/\/lauremartin.fr\/art\/wp-json\/wp\/v2\/tags?post=2718"}],"curies":[{"name":"wp","href":"https:\/\/api.w.org\/{rel}","templated":true}]}}