{"id":2790,"date":"2026-03-06T19:31:47","date_gmt":"2026-03-06T17:31:47","guid":{"rendered":"https:\/\/lauremartin.fr\/art\/?p=2790"},"modified":"2026-03-10T16:40:50","modified_gmt":"2026-03-10T14:40:50","slug":"exposition-wild-mamas-2026","status":"publish","type":"post","link":"https:\/\/lauremartin.fr\/art\/rencontre\/exposition-wild-mamas-2026\/","title":{"rendered":"Exposition Wild Mamas 2026"},"content":{"rendered":"\n<p class=\"has-text-align-center\">Du 6 mars au 30 juin 2026, \u00e0 la <a href=\"https:\/\/lalibrairiedeschartrons.com\/\" target=\"_blank\" rel=\"noreferrer noopener\">librairie des Chartrons<\/a>, 17 cours Saint-Louis \u00e0 Bordeaux<\/p>\n\n\n\n<hr class=\"wp-block-separator has-alpha-channel-opacity\"\/>\n\n\n\n<p>J&rsquo;ai rencontr\u00e9 Marie, la g\u00e9rante de la librairie, lors du festival Iblush 2024, d\u00e9di\u00e9 au bien-\u00eatre intime des femmes. J&rsquo;y avais \u00e9t\u00e9 invit\u00e9e pour pr\u00e9senter les Wild Mamas, elle avait son propre stand de livres d\u00e9di\u00e9 au sujet du festival, et nous nous sommes naturellement retrouv\u00e9es sur ces th\u00e9matiques ch\u00e8res \u00e0 nos \u00e2mes f\u00e9ministes.<\/p>\n\n\n\n<div class=\"wp-block-columns is-layout-flex wp-container-core-columns-is-layout-28f84493 wp-block-columns-is-layout-flex\">\n<div class=\"wp-block-column is-vertically-aligned-center is-layout-flow wp-block-column-is-layout-flow\" style=\"flex-basis:70%\">\n<p>Marie a eu un r\u00e9el coup de c\u0153ur pour ce projet artistique autour de la transformation du corps f\u00e9minin ! Un tirage de Wild Mama n\u00b03 a rejoint sa collection personnelle, et elle m&rsquo;a invit\u00e9e \u00e0 exposer ce travail dans sa boutique du quartier des Chartrons.<\/p>\n\n\n\n<p>Un peu de temps s&rsquo;est \u00e9coul\u00e9 avant que nous puissions concr\u00e9tiser cet \u00e9lan, et les plan\u00e8tes ont fini par s&rsquo;aligner \u00e0 l&rsquo;occasion de la Journ\u00e9e Internationales des Femmes 2026.<\/p>\n<\/div>\n\n\n\n<div class=\"wp-block-column is-layout-flow wp-block-column-is-layout-flow\">\n<figure class=\"wp-block-image size-large\"><img loading=\"lazy\" decoding=\"async\" width=\"1024\" height=\"1024\" src=\"https:\/\/lauremartin.fr\/art\/wp-content\/uploads\/sites\/4\/2025\/07\/WM3_Principal-1024x1024.jpg\" alt=\"\" class=\"wp-image-1680\" srcset=\"https:\/\/lauremartin.fr\/art\/wp-content\/uploads\/sites\/4\/2025\/07\/WM3_Principal-1024x1024.jpg 1024w, https:\/\/lauremartin.fr\/art\/wp-content\/uploads\/sites\/4\/2025\/07\/WM3_Principal-300x300.jpg 300w, https:\/\/lauremartin.fr\/art\/wp-content\/uploads\/sites\/4\/2025\/07\/WM3_Principal-150x150.jpg 150w, https:\/\/lauremartin.fr\/art\/wp-content\/uploads\/sites\/4\/2025\/07\/WM3_Principal-768x768.jpg 768w, https:\/\/lauremartin.fr\/art\/wp-content\/uploads\/sites\/4\/2025\/07\/WM3_Principal.jpg 1080w\" sizes=\"auto, (max-width: 1024px) 100vw, 1024px\" \/><\/figure>\n<\/div>\n<\/div>\n\n\n\n<div class=\"wp-block-columns is-layout-flex wp-container-core-columns-is-layout-28f84493 wp-block-columns-is-layout-flex\">\n<div class=\"wp-block-column is-layout-flow wp-block-column-is-layout-flow\" style=\"flex-basis:33.33%\">\n<figure class=\"wp-block-image size-large\"><img loading=\"lazy\" decoding=\"async\" width=\"1024\" height=\"724\" src=\"https:\/\/lauremartin.fr\/art\/wp-content\/uploads\/sites\/4\/2026\/03\/facade_librairie_chartrons-1024x724.jpg\" alt=\"\" class=\"wp-image-2791\" srcset=\"https:\/\/lauremartin.fr\/art\/wp-content\/uploads\/sites\/4\/2026\/03\/facade_librairie_chartrons-1024x724.jpg 1024w, https:\/\/lauremartin.fr\/art\/wp-content\/uploads\/sites\/4\/2026\/03\/facade_librairie_chartrons-300x212.jpg 300w, https:\/\/lauremartin.fr\/art\/wp-content\/uploads\/sites\/4\/2026\/03\/facade_librairie_chartrons-768x543.jpg 768w, https:\/\/lauremartin.fr\/art\/wp-content\/uploads\/sites\/4\/2026\/03\/facade_librairie_chartrons-1536x1085.jpg 1536w, https:\/\/lauremartin.fr\/art\/wp-content\/uploads\/sites\/4\/2026\/03\/facade_librairie_chartrons.jpg 2048w\" sizes=\"auto, (max-width: 1024px) 100vw, 1024px\" \/><\/figure>\n<\/div>\n\n\n\n<div class=\"wp-block-column is-vertically-aligned-center is-layout-flow wp-block-column-is-layout-flow\" style=\"flex-basis:66.66%\">\n<p>Dans cette librairie de quartier, membre du r\u00e9seau des Librairies Ind\u00e9pendantes de Nouvelle-Aquitaine (LINA), les propositions foisonnent, de livres, bien s\u00fbr, mais aussi d&rsquo;\u00e9v\u00e8nements, avec une part belle donn\u00e9e \u00e0 la cr\u00e9ation litt\u00e9raire et artistique, entre expositions et ateliers anim\u00e9s par des professionnel.le.s passionn\u00e9.e.s.<\/p>\n\n\n\n<p>Je me r\u00e9jouis que ce type de lieu existe. Faire exister l&rsquo;art au plus pr\u00e8s des publics, hors des circuits traditionnels, me semble plus que jamais essentiel.<\/p>\n<\/div>\n<\/div>\n\n\n\n<div style=\"height:48px\" aria-hidden=\"true\" class=\"wp-block-spacer\"><\/div>\n\n\n\n<div class=\"wp-block-columns is-layout-flex wp-container-core-columns-is-layout-28f84493 wp-block-columns-is-layout-flex\">\n<div class=\"wp-block-column is-layout-flow wp-block-column-is-layout-flow\"><\/div>\n\n\n\n<div class=\"wp-block-column is-layout-flow wp-block-column-is-layout-flow\">\n<figure class=\"wp-block-image size-large\"><img loading=\"lazy\" decoding=\"async\" width=\"627\" height=\"1024\" src=\"https:\/\/lauremartin.fr\/art\/wp-content\/uploads\/sites\/4\/2026\/03\/panneau_librairie_chartrons-627x1024.jpg\" alt=\"\" class=\"wp-image-2792\" srcset=\"https:\/\/lauremartin.fr\/art\/wp-content\/uploads\/sites\/4\/2026\/03\/panneau_librairie_chartrons-627x1024.jpg 627w, https:\/\/lauremartin.fr\/art\/wp-content\/uploads\/sites\/4\/2026\/03\/panneau_librairie_chartrons-184x300.jpg 184w, https:\/\/lauremartin.fr\/art\/wp-content\/uploads\/sites\/4\/2026\/03\/panneau_librairie_chartrons-768x1255.jpg 768w, https:\/\/lauremartin.fr\/art\/wp-content\/uploads\/sites\/4\/2026\/03\/panneau_librairie_chartrons-940x1536.jpg 940w, https:\/\/lauremartin.fr\/art\/wp-content\/uploads\/sites\/4\/2026\/03\/panneau_librairie_chartrons.jpg 1253w\" sizes=\"auto, (max-width: 627px) 100vw, 627px\" \/><\/figure>\n<\/div>\n\n\n\n<div class=\"wp-block-column is-layout-flow wp-block-column-is-layout-flow\"><\/div>\n<\/div>\n\n\n\n<figure class=\"wp-block-image size-large\"><img loading=\"lazy\" decoding=\"async\" width=\"1024\" height=\"739\" src=\"https:\/\/lauremartin.fr\/art\/wp-content\/uploads\/sites\/4\/2026\/03\/stand_librairie_chartrons-1024x739.jpg\" alt=\"\" class=\"wp-image-2793\" srcset=\"https:\/\/lauremartin.fr\/art\/wp-content\/uploads\/sites\/4\/2026\/03\/stand_librairie_chartrons-1024x739.jpg 1024w, https:\/\/lauremartin.fr\/art\/wp-content\/uploads\/sites\/4\/2026\/03\/stand_librairie_chartrons-300x216.jpg 300w, https:\/\/lauremartin.fr\/art\/wp-content\/uploads\/sites\/4\/2026\/03\/stand_librairie_chartrons-768x554.jpg 768w, https:\/\/lauremartin.fr\/art\/wp-content\/uploads\/sites\/4\/2026\/03\/stand_librairie_chartrons-1536x1108.jpg 1536w, https:\/\/lauremartin.fr\/art\/wp-content\/uploads\/sites\/4\/2026\/03\/stand_librairie_chartrons.jpg 2048w\" sizes=\"auto, (max-width: 1024px) 100vw, 1024px\" \/><\/figure>\n\n\n\n<p>J&rsquo;ai pr\u00e9sent\u00e9 les quatre Mamas dessin\u00e9es, les toutes premi\u00e8res, ainsi que des tirages de linogravure, et quelques marque-pages (of course !). J&rsquo;ai profit\u00e9 de l&rsquo;occasion pour partager les outils de l&rsquo;artiste : gouge, baren, rouleau, plaque grav\u00e9e&#8230; Cette exposition est une occasion de diffuser de l&rsquo;art, certes, mais aussi la joie de la cr\u00e9ation, le go\u00fbt des gestes, de l&rsquo;inspiration et du travail.<\/p>\n\n\n\n<figure class=\"wp-block-gallery has-nested-images columns-default is-cropped wp-block-gallery-1 is-layout-flex wp-block-gallery-is-layout-flex\">\n<figure class=\"wp-block-image size-large\"><img loading=\"lazy\" decoding=\"async\" width=\"576\" height=\"1024\" data-id=\"2795\" src=\"https:\/\/lauremartin.fr\/art\/wp-content\/uploads\/sites\/4\/2026\/03\/stand_librairie_chartrons_extrait_2-576x1024.jpg\" alt=\"\" class=\"wp-image-2795\" srcset=\"https:\/\/lauremartin.fr\/art\/wp-content\/uploads\/sites\/4\/2026\/03\/stand_librairie_chartrons_extrait_2-576x1024.jpg 576w, https:\/\/lauremartin.fr\/art\/wp-content\/uploads\/sites\/4\/2026\/03\/stand_librairie_chartrons_extrait_2-169x300.jpg 169w, https:\/\/lauremartin.fr\/art\/wp-content\/uploads\/sites\/4\/2026\/03\/stand_librairie_chartrons_extrait_2-768x1365.jpg 768w, https:\/\/lauremartin.fr\/art\/wp-content\/uploads\/sites\/4\/2026\/03\/stand_librairie_chartrons_extrait_2-864x1536.jpg 864w, https:\/\/lauremartin.fr\/art\/wp-content\/uploads\/sites\/4\/2026\/03\/stand_librairie_chartrons_extrait_2.jpg 1152w\" sizes=\"auto, (max-width: 576px) 100vw, 576px\" \/><\/figure>\n\n\n\n<figure class=\"wp-block-image size-large\"><img loading=\"lazy\" decoding=\"async\" width=\"576\" height=\"1024\" data-id=\"2794\" src=\"https:\/\/lauremartin.fr\/art\/wp-content\/uploads\/sites\/4\/2026\/03\/stand_librairie_chartrons_extrait_1-576x1024.jpg\" alt=\"\" class=\"wp-image-2794\" srcset=\"https:\/\/lauremartin.fr\/art\/wp-content\/uploads\/sites\/4\/2026\/03\/stand_librairie_chartrons_extrait_1-576x1024.jpg 576w, https:\/\/lauremartin.fr\/art\/wp-content\/uploads\/sites\/4\/2026\/03\/stand_librairie_chartrons_extrait_1-169x300.jpg 169w, https:\/\/lauremartin.fr\/art\/wp-content\/uploads\/sites\/4\/2026\/03\/stand_librairie_chartrons_extrait_1-768x1365.jpg 768w, https:\/\/lauremartin.fr\/art\/wp-content\/uploads\/sites\/4\/2026\/03\/stand_librairie_chartrons_extrait_1-864x1536.jpg 864w, https:\/\/lauremartin.fr\/art\/wp-content\/uploads\/sites\/4\/2026\/03\/stand_librairie_chartrons_extrait_1.jpg 1152w\" sizes=\"auto, (max-width: 576px) 100vw, 576px\" \/><\/figure>\n<\/figure>\n\n\n\n<p>J&rsquo;ai pass\u00e9 les deux premiers jours d&rsquo;exposition sur place, \u00e0 \u00e9changer avec les clients du magasin attir\u00e9s par les silhouettes de mes femmes sauvages. De belles conversations se sont tenues, autour du corps f\u00e9minin et de la cr\u00e9ation artistique, ponctu\u00e9es de r\u00e9flexions touchantes sur notre humanit\u00e9. Celle-ci m&rsquo;a particuli\u00e8rement \u00e9mue :<\/p>\n\n\n\n<p class=\"has-text-align-center\">\u00ab\u00a0Vous avez de la chance de pouvoir vous exprimer&#8230; Moi, je n&rsquo;ai pas grand chose pour aller mieux&#8230;\u00a0\u00bb<\/p>\n\n\n\n<p>Mon petit c\u0153ur a fait gloups&#8230;<\/p>\n\n\n\n<p>Il est vrai que les Mamas m&rsquo;ont aid\u00e9e \u00e0 exorciser les d\u00e9mons de l&rsquo;autocritique qui s&rsquo;\u00e9taient empar\u00e9s de mon esprit, mais j&rsquo;avoue, j&rsquo;avais oubli\u00e9 \u00e0 quel point cela m&rsquo;avait \u00e9t\u00e9 salutaire. Cette dame a \u00e9t\u00e9 touch\u00e9e aux larmes par le r\u00e9cit de la gen\u00e8se des Wild Mamas, et les mots qu&rsquo;elle a murmur\u00e9s juste avant de partir ont r\u00e9sonn\u00e9 longtemps&#8230;<\/p>\n\n\n\n<p>L&rsquo;exposition est visible jusqu&rsquo;\u00e0 l&rsquo;\u00e9t\u00e9, de quoi passer le printemps en belle compagnie \ud83d\ude09<\/p>\n\n\n\n<p>(Du 6 mars au 30 juin 2026, \u00e0 la <a href=\"https:\/\/lalibrairiedeschartrons.com\/\" target=\"_blank\" rel=\"noreferrer noopener\">librairie des Chartrons<\/a>, 17 cours Saint-Louis \u00e0 Bordeaux)<\/p>\n","protected":false},"excerpt":{"rendered":"<p>Marie a eu un r\u00e9el coup de c\u0153ur pour ce projet artistique autour de la transformation du corps f\u00e9minin ! Elle m&rsquo;a invit\u00e9e \u00e0 exposer ce travail dans sa librairie du quartier des Chartrons \u00e0 Bordeaux.<\/p>\n","protected":false},"author":2,"featured_media":1674,"comment_status":"closed","ping_status":"closed","sticky":false,"template":"","format":"standard","meta":{"footnotes":""},"categories":[3,4],"tags":[],"class_list":["post-2790","post","type-post","status-publish","format-standard","has-post-thumbnail","hentry","category-rencontre","category-expositions"],"yoast_head":"<!-- This site is optimized with the Yoast SEO plugin v27.5 - https:\/\/yoast.com\/product\/yoast-seo-wordpress\/ -->\n<title>Exposition Wild Mamas 2026 - Laure Martin, artiste plasticienne \u00e0 Bordeaux<\/title>\n<meta name=\"robots\" content=\"index, follow, max-snippet:-1, max-image-preview:large, max-video-preview:-1\" \/>\n<link rel=\"canonical\" href=\"https:\/\/lauremartin.fr\/art\/rencontre\/exposition-wild-mamas-2026\/\" \/>\n<meta property=\"og:locale\" content=\"fr_FR\" \/>\n<meta property=\"og:type\" content=\"article\" \/>\n<meta property=\"og:title\" content=\"Exposition Wild Mamas 2026 - Laure Martin, artiste plasticienne \u00e0 Bordeaux\" \/>\n<meta property=\"og:description\" content=\"Marie a eu un r\u00e9el coup de c\u0153ur pour ce projet artistique autour de la transformation du corps f\u00e9minin ! Elle m&#039;a invit\u00e9e \u00e0 exposer ce travail dans sa librairie du quartier des Chartrons \u00e0 Bordeaux.\" \/>\n<meta property=\"og:url\" content=\"https:\/\/lauremartin.fr\/art\/rencontre\/exposition-wild-mamas-2026\/\" \/>\n<meta property=\"og:site_name\" content=\"Laure Martin, artiste plasticienne \u00e0 Bordeaux\" \/>\n<meta property=\"article:published_time\" content=\"2026-03-06T17:31:47+00:00\" \/>\n<meta property=\"article:modified_time\" content=\"2026-03-10T14:40:50+00:00\" \/>\n<meta property=\"og:image\" content=\"https:\/\/lauremartin.fr\/art\/wp-content\/uploads\/sites\/4\/2025\/07\/WM1_Detail_1.jpg\" \/>\n\t<meta property=\"og:image:width\" content=\"1080\" \/>\n\t<meta property=\"og:image:height\" content=\"1080\" \/>\n\t<meta property=\"og:image:type\" content=\"image\/jpeg\" \/>\n<meta name=\"author\" content=\"Laure Martin\" \/>\n<meta name=\"twitter:card\" content=\"summary_large_image\" \/>\n<meta name=\"twitter:label1\" content=\"\u00c9crit par\" \/>\n\t<meta name=\"twitter:data1\" content=\"Laure Martin\" \/>\n\t<meta name=\"twitter:label2\" content=\"Dur\u00e9e de lecture estim\u00e9e\" \/>\n\t<meta name=\"twitter:data2\" content=\"4 minutes\" \/>\n<script type=\"application\/ld+json\" class=\"yoast-schema-graph\">{\"@context\":\"https:\\\/\\\/schema.org\",\"@graph\":[{\"@type\":\"Article\",\"@id\":\"https:\\\/\\\/lauremartin.fr\\\/art\\\/rencontre\\\/exposition-wild-mamas-2026\\\/#article\",\"isPartOf\":{\"@id\":\"https:\\\/\\\/lauremartin.fr\\\/art\\\/rencontre\\\/exposition-wild-mamas-2026\\\/\"},\"author\":{\"name\":\"Laure Martin\",\"@id\":\"https:\\\/\\\/lauremartin.fr\\\/art\\\/#\\\/schema\\\/person\\\/a08d539c0a8fd3d25900f0b9f24c301f\"},\"headline\":\"Exposition Wild Mamas 2026\",\"datePublished\":\"2026-03-06T17:31:47+00:00\",\"dateModified\":\"2026-03-10T14:40:50+00:00\",\"mainEntityOfPage\":{\"@id\":\"https:\\\/\\\/lauremartin.fr\\\/art\\\/rencontre\\\/exposition-wild-mamas-2026\\\/\"},\"wordCount\":502,\"publisher\":{\"@id\":\"https:\\\/\\\/lauremartin.fr\\\/art\\\/#organization\"},\"image\":{\"@id\":\"https:\\\/\\\/lauremartin.fr\\\/art\\\/rencontre\\\/exposition-wild-mamas-2026\\\/#primaryimage\"},\"thumbnailUrl\":\"https:\\\/\\\/lauremartin.fr\\\/art\\\/wp-content\\\/uploads\\\/sites\\\/4\\\/2025\\\/07\\\/WM1_Detail_1.jpg\",\"articleSection\":[\"Rencontres\",\"Expositions\"],\"inLanguage\":\"fr-FR\"},{\"@type\":\"WebPage\",\"@id\":\"https:\\\/\\\/lauremartin.fr\\\/art\\\/rencontre\\\/exposition-wild-mamas-2026\\\/\",\"url\":\"https:\\\/\\\/lauremartin.fr\\\/art\\\/rencontre\\\/exposition-wild-mamas-2026\\\/\",\"name\":\"Exposition Wild Mamas 2026 - Laure Martin, artiste plasticienne \u00e0 Bordeaux\",\"isPartOf\":{\"@id\":\"https:\\\/\\\/lauremartin.fr\\\/art\\\/#website\"},\"primaryImageOfPage\":{\"@id\":\"https:\\\/\\\/lauremartin.fr\\\/art\\\/rencontre\\\/exposition-wild-mamas-2026\\\/#primaryimage\"},\"image\":{\"@id\":\"https:\\\/\\\/lauremartin.fr\\\/art\\\/rencontre\\\/exposition-wild-mamas-2026\\\/#primaryimage\"},\"thumbnailUrl\":\"https:\\\/\\\/lauremartin.fr\\\/art\\\/wp-content\\\/uploads\\\/sites\\\/4\\\/2025\\\/07\\\/WM1_Detail_1.jpg\",\"datePublished\":\"2026-03-06T17:31:47+00:00\",\"dateModified\":\"2026-03-10T14:40:50+00:00\",\"breadcrumb\":{\"@id\":\"https:\\\/\\\/lauremartin.fr\\\/art\\\/rencontre\\\/exposition-wild-mamas-2026\\\/#breadcrumb\"},\"inLanguage\":\"fr-FR\",\"potentialAction\":[{\"@type\":\"ReadAction\",\"target\":[\"https:\\\/\\\/lauremartin.fr\\\/art\\\/rencontre\\\/exposition-wild-mamas-2026\\\/\"]}]},{\"@type\":\"ImageObject\",\"inLanguage\":\"fr-FR\",\"@id\":\"https:\\\/\\\/lauremartin.fr\\\/art\\\/rencontre\\\/exposition-wild-mamas-2026\\\/#primaryimage\",\"url\":\"https:\\\/\\\/lauremartin.fr\\\/art\\\/wp-content\\\/uploads\\\/sites\\\/4\\\/2025\\\/07\\\/WM1_Detail_1.jpg\",\"contentUrl\":\"https:\\\/\\\/lauremartin.fr\\\/art\\\/wp-content\\\/uploads\\\/sites\\\/4\\\/2025\\\/07\\\/WM1_Detail_1.jpg\",\"width\":1080,\"height\":1080,\"caption\":\"xr:d:DAFc7uacGCY:2,j:637422235,t:23031122\"},{\"@type\":\"BreadcrumbList\",\"@id\":\"https:\\\/\\\/lauremartin.fr\\\/art\\\/rencontre\\\/exposition-wild-mamas-2026\\\/#breadcrumb\",\"itemListElement\":[{\"@type\":\"ListItem\",\"position\":1,\"name\":\"Accueil\",\"item\":\"https:\\\/\\\/lauremartin.fr\\\/art\\\/\"},{\"@type\":\"ListItem\",\"position\":2,\"name\":\"Exposition Wild Mamas 2026\"}]},{\"@type\":\"WebSite\",\"@id\":\"https:\\\/\\\/lauremartin.fr\\\/art\\\/#website\",\"url\":\"https:\\\/\\\/lauremartin.fr\\\/art\\\/\",\"name\":\"Laure Martin, artiste plasticienne \u00e0 Bordeaux\",\"description\":\"Pour un art respectueux du vivant\",\"publisher\":{\"@id\":\"https:\\\/\\\/lauremartin.fr\\\/art\\\/#organization\"},\"potentialAction\":[{\"@type\":\"SearchAction\",\"target\":{\"@type\":\"EntryPoint\",\"urlTemplate\":\"https:\\\/\\\/lauremartin.fr\\\/art\\\/?s={search_term_string}\"},\"query-input\":{\"@type\":\"PropertyValueSpecification\",\"valueRequired\":true,\"valueName\":\"search_term_string\"}}],\"inLanguage\":\"fr-FR\"},{\"@type\":\"Organization\",\"@id\":\"https:\\\/\\\/lauremartin.fr\\\/art\\\/#organization\",\"name\":\"Laure Martin, artiste plasticienne \u00e0 Bordeaux\",\"url\":\"https:\\\/\\\/lauremartin.fr\\\/art\\\/\",\"logo\":{\"@type\":\"ImageObject\",\"inLanguage\":\"fr-FR\",\"@id\":\"https:\\\/\\\/lauremartin.fr\\\/art\\\/#\\\/schema\\\/logo\\\/image\\\/\",\"url\":\"https:\\\/\\\/lauremartin.fr\\\/art\\\/wp-content\\\/uploads\\\/sites\\\/4\\\/2026\\\/01\\\/logo-full-blanc.png\",\"contentUrl\":\"https:\\\/\\\/lauremartin.fr\\\/art\\\/wp-content\\\/uploads\\\/sites\\\/4\\\/2026\\\/01\\\/logo-full-blanc.png\",\"width\":926,\"height\":564,\"caption\":\"Laure Martin, artiste plasticienne \u00e0 Bordeaux\"},\"image\":{\"@id\":\"https:\\\/\\\/lauremartin.fr\\\/art\\\/#\\\/schema\\\/logo\\\/image\\\/\"}},{\"@type\":\"Person\",\"@id\":\"https:\\\/\\\/lauremartin.fr\\\/art\\\/#\\\/schema\\\/person\\\/a08d539c0a8fd3d25900f0b9f24c301f\",\"name\":\"Laure Martin\",\"image\":{\"@type\":\"ImageObject\",\"inLanguage\":\"fr-FR\",\"@id\":\"https:\\\/\\\/secure.gravatar.com\\\/avatar\\\/5b6a494041c6dd90abd4bd37df4701c58e8eca92b1e5ea044aa53f0d5610213b?s=96&d=mm&r=g\",\"url\":\"https:\\\/\\\/secure.gravatar.com\\\/avatar\\\/5b6a494041c6dd90abd4bd37df4701c58e8eca92b1e5ea044aa53f0d5610213b?s=96&d=mm&r=g\",\"contentUrl\":\"https:\\\/\\\/secure.gravatar.com\\\/avatar\\\/5b6a494041c6dd90abd4bd37df4701c58e8eca92b1e5ea044aa53f0d5610213b?s=96&d=mm&r=g\",\"caption\":\"Laure Martin\"},\"sameAs\":[\"https:\\\/\\\/lauremartin.fr\"],\"url\":\"https:\\\/\\\/lauremartin.fr\\\/art\\\/author\\\/laure\\\/\"}]}<\/script>\n<!-- \/ Yoast SEO plugin. -->","yoast_head_json":{"title":"Exposition Wild Mamas 2026 - Laure Martin, artiste plasticienne \u00e0 Bordeaux","robots":{"index":"index","follow":"follow","max-snippet":"max-snippet:-1","max-image-preview":"max-image-preview:large","max-video-preview":"max-video-preview:-1"},"canonical":"https:\/\/lauremartin.fr\/art\/rencontre\/exposition-wild-mamas-2026\/","og_locale":"fr_FR","og_type":"article","og_title":"Exposition Wild Mamas 2026 - Laure Martin, artiste plasticienne \u00e0 Bordeaux","og_description":"Marie a eu un r\u00e9el coup de c\u0153ur pour ce projet artistique autour de la transformation du corps f\u00e9minin ! Elle m'a invit\u00e9e \u00e0 exposer ce travail dans sa librairie du quartier des Chartrons \u00e0 Bordeaux.","og_url":"https:\/\/lauremartin.fr\/art\/rencontre\/exposition-wild-mamas-2026\/","og_site_name":"Laure Martin, artiste plasticienne \u00e0 Bordeaux","article_published_time":"2026-03-06T17:31:47+00:00","article_modified_time":"2026-03-10T14:40:50+00:00","og_image":[{"width":1080,"height":1080,"url":"https:\/\/lauremartin.fr\/art\/wp-content\/uploads\/sites\/4\/2025\/07\/WM1_Detail_1.jpg","type":"image\/jpeg"}],"author":"Laure Martin","twitter_card":"summary_large_image","twitter_misc":{"\u00c9crit par":"Laure Martin","Dur\u00e9e de lecture estim\u00e9e":"4 minutes"},"schema":{"@context":"https:\/\/schema.org","@graph":[{"@type":"Article","@id":"https:\/\/lauremartin.fr\/art\/rencontre\/exposition-wild-mamas-2026\/#article","isPartOf":{"@id":"https:\/\/lauremartin.fr\/art\/rencontre\/exposition-wild-mamas-2026\/"},"author":{"name":"Laure Martin","@id":"https:\/\/lauremartin.fr\/art\/#\/schema\/person\/a08d539c0a8fd3d25900f0b9f24c301f"},"headline":"Exposition Wild Mamas 2026","datePublished":"2026-03-06T17:31:47+00:00","dateModified":"2026-03-10T14:40:50+00:00","mainEntityOfPage":{"@id":"https:\/\/lauremartin.fr\/art\/rencontre\/exposition-wild-mamas-2026\/"},"wordCount":502,"publisher":{"@id":"https:\/\/lauremartin.fr\/art\/#organization"},"image":{"@id":"https:\/\/lauremartin.fr\/art\/rencontre\/exposition-wild-mamas-2026\/#primaryimage"},"thumbnailUrl":"https:\/\/lauremartin.fr\/art\/wp-content\/uploads\/sites\/4\/2025\/07\/WM1_Detail_1.jpg","articleSection":["Rencontres","Expositions"],"inLanguage":"fr-FR"},{"@type":"WebPage","@id":"https:\/\/lauremartin.fr\/art\/rencontre\/exposition-wild-mamas-2026\/","url":"https:\/\/lauremartin.fr\/art\/rencontre\/exposition-wild-mamas-2026\/","name":"Exposition Wild Mamas 2026 - Laure Martin, artiste plasticienne \u00e0 Bordeaux","isPartOf":{"@id":"https:\/\/lauremartin.fr\/art\/#website"},"primaryImageOfPage":{"@id":"https:\/\/lauremartin.fr\/art\/rencontre\/exposition-wild-mamas-2026\/#primaryimage"},"image":{"@id":"https:\/\/lauremartin.fr\/art\/rencontre\/exposition-wild-mamas-2026\/#primaryimage"},"thumbnailUrl":"https:\/\/lauremartin.fr\/art\/wp-content\/uploads\/sites\/4\/2025\/07\/WM1_Detail_1.jpg","datePublished":"2026-03-06T17:31:47+00:00","dateModified":"2026-03-10T14:40:50+00:00","breadcrumb":{"@id":"https:\/\/lauremartin.fr\/art\/rencontre\/exposition-wild-mamas-2026\/#breadcrumb"},"inLanguage":"fr-FR","potentialAction":[{"@type":"ReadAction","target":["https:\/\/lauremartin.fr\/art\/rencontre\/exposition-wild-mamas-2026\/"]}]},{"@type":"ImageObject","inLanguage":"fr-FR","@id":"https:\/\/lauremartin.fr\/art\/rencontre\/exposition-wild-mamas-2026\/#primaryimage","url":"https:\/\/lauremartin.fr\/art\/wp-content\/uploads\/sites\/4\/2025\/07\/WM1_Detail_1.jpg","contentUrl":"https:\/\/lauremartin.fr\/art\/wp-content\/uploads\/sites\/4\/2025\/07\/WM1_Detail_1.jpg","width":1080,"height":1080,"caption":"xr:d:DAFc7uacGCY:2,j:637422235,t:23031122"},{"@type":"BreadcrumbList","@id":"https:\/\/lauremartin.fr\/art\/rencontre\/exposition-wild-mamas-2026\/#breadcrumb","itemListElement":[{"@type":"ListItem","position":1,"name":"Accueil","item":"https:\/\/lauremartin.fr\/art\/"},{"@type":"ListItem","position":2,"name":"Exposition Wild Mamas 2026"}]},{"@type":"WebSite","@id":"https:\/\/lauremartin.fr\/art\/#website","url":"https:\/\/lauremartin.fr\/art\/","name":"Laure Martin, artiste plasticienne \u00e0 Bordeaux","description":"Pour un art respectueux du vivant","publisher":{"@id":"https:\/\/lauremartin.fr\/art\/#organization"},"potentialAction":[{"@type":"SearchAction","target":{"@type":"EntryPoint","urlTemplate":"https:\/\/lauremartin.fr\/art\/?s={search_term_string}"},"query-input":{"@type":"PropertyValueSpecification","valueRequired":true,"valueName":"search_term_string"}}],"inLanguage":"fr-FR"},{"@type":"Organization","@id":"https:\/\/lauremartin.fr\/art\/#organization","name":"Laure Martin, artiste plasticienne \u00e0 Bordeaux","url":"https:\/\/lauremartin.fr\/art\/","logo":{"@type":"ImageObject","inLanguage":"fr-FR","@id":"https:\/\/lauremartin.fr\/art\/#\/schema\/logo\/image\/","url":"https:\/\/lauremartin.fr\/art\/wp-content\/uploads\/sites\/4\/2026\/01\/logo-full-blanc.png","contentUrl":"https:\/\/lauremartin.fr\/art\/wp-content\/uploads\/sites\/4\/2026\/01\/logo-full-blanc.png","width":926,"height":564,"caption":"Laure Martin, artiste plasticienne \u00e0 Bordeaux"},"image":{"@id":"https:\/\/lauremartin.fr\/art\/#\/schema\/logo\/image\/"}},{"@type":"Person","@id":"https:\/\/lauremartin.fr\/art\/#\/schema\/person\/a08d539c0a8fd3d25900f0b9f24c301f","name":"Laure Martin","image":{"@type":"ImageObject","inLanguage":"fr-FR","@id":"https:\/\/secure.gravatar.com\/avatar\/5b6a494041c6dd90abd4bd37df4701c58e8eca92b1e5ea044aa53f0d5610213b?s=96&d=mm&r=g","url":"https:\/\/secure.gravatar.com\/avatar\/5b6a494041c6dd90abd4bd37df4701c58e8eca92b1e5ea044aa53f0d5610213b?s=96&d=mm&r=g","contentUrl":"https:\/\/secure.gravatar.com\/avatar\/5b6a494041c6dd90abd4bd37df4701c58e8eca92b1e5ea044aa53f0d5610213b?s=96&d=mm&r=g","caption":"Laure Martin"},"sameAs":["https:\/\/lauremartin.fr"],"url":"https:\/\/lauremartin.fr\/art\/author\/laure\/"}]}},"_links":{"self":[{"href":"https:\/\/lauremartin.fr\/art\/wp-json\/wp\/v2\/posts\/2790","targetHints":{"allow":["GET"]}}],"collection":[{"href":"https:\/\/lauremartin.fr\/art\/wp-json\/wp\/v2\/posts"}],"about":[{"href":"https:\/\/lauremartin.fr\/art\/wp-json\/wp\/v2\/types\/post"}],"author":[{"embeddable":true,"href":"https:\/\/lauremartin.fr\/art\/wp-json\/wp\/v2\/users\/2"}],"replies":[{"embeddable":true,"href":"https:\/\/lauremartin.fr\/art\/wp-json\/wp\/v2\/comments?post=2790"}],"version-history":[{"count":13,"href":"https:\/\/lauremartin.fr\/art\/wp-json\/wp\/v2\/posts\/2790\/revisions"}],"predecessor-version":[{"id":2809,"href":"https:\/\/lauremartin.fr\/art\/wp-json\/wp\/v2\/posts\/2790\/revisions\/2809"}],"wp:featuredmedia":[{"embeddable":true,"href":"https:\/\/lauremartin.fr\/art\/wp-json\/wp\/v2\/media\/1674"}],"wp:attachment":[{"href":"https:\/\/lauremartin.fr\/art\/wp-json\/wp\/v2\/media?parent=2790"}],"wp:term":[{"taxonomy":"category","embeddable":true,"href":"https:\/\/lauremartin.fr\/art\/wp-json\/wp\/v2\/categories?post=2790"},{"taxonomy":"post_tag","embeddable":true,"href":"https:\/\/lauremartin.fr\/art\/wp-json\/wp\/v2\/tags?post=2790"}],"curies":[{"name":"wp","href":"https:\/\/api.w.org\/{rel}","templated":true}]}}