{"id":362,"date":"2025-06-06T13:57:42","date_gmt":"2025-06-06T11:57:42","guid":{"rendered":"http:\/\/lauremartin.local\/?p=362"},"modified":"2026-01-28T11:57:42","modified_gmt":"2026-01-28T09:57:42","slug":"le-patrimoine-du-cyanotype","status":"publish","type":"post","link":"https:\/\/lauremartin.fr\/art\/rencontre\/le-patrimoine-du-cyanotype\/","title":{"rendered":"Le patrimoine du cyanotype"},"content":{"rendered":"\n<p>S\u00e9ance d\u00e9couverte, \u00e0 l&rsquo;occasion des Journ\u00e9es Europ\u00e9ennes du Patrimoine<\/p>\n\n\n\n<p>Le cyanotype est un ancien proc\u00e9d\u00e9 de reproduction photographique, invent\u00e9 en 1842 et initialement utilis\u00e9 par les botanistes pour garder une trace des v\u00e9g\u00e9taux qu&rsquo;ils d\u00e9couvraient.<\/p>\n\n\n\n<p>Apr\u00e8s la pr\u00e9sentation des principes techniques \u00e0 l&rsquo;origine du proc\u00e9d\u00e9, vous r\u00e9aliserez un projet au choix entre ces deux options :<\/p>\n\n\n\n<ul class=\"wp-block-list\">\n<li>Version herbier : en utilisant ma collection de v\u00e9g\u00e9taux s\u00e9ch\u00e9s, vous cr\u00e9ez une \u0153uvre avec laquelle vous repartez<\/li>\n\n\n\n<li>Version carte ancienne : \u00e0 partir d&rsquo;un n\u00e9gatif mis \u00e0 votre disposition, vous contribuez \u00e0 une fresque collective repr\u00e9sentant un vieux plan de Bordeaux.<\/li>\n<\/ul>\n\n\n\n<p>Aucun pr\u00e9requis n&rsquo;est n\u00e9cessaire.<br>Tout le mat\u00e9riel est fourni.<\/p>\n\n\n\n<p>Accessible aux enfants (accompagn\u00e9s d&rsquo;un adulte) \u00e0 partir de 10 ans.<br>Accessible aux femmes enceintes.<\/p>\n\n\n\n<p>5 \u20ac par personne<\/p>\n","protected":false},"excerpt":{"rendered":"<p>S\u00e9ance d\u00e9couverte, \u00e0 l&rsquo;occasion des Journ\u00e9es Europ\u00e9ennes du Patrimoine<\/p>\n","protected":false},"author":2,"featured_media":1275,"comment_status":"open","ping_status":"open","sticky":false,"template":"","format":"standard","meta":{"footnotes":""},"categories":[3,20],"tags":[],"class_list":["post-362","post","type-post","status-publish","format-standard","has-post-thumbnail","hentry","category-rencontre","category-ateliers-collectifs"],"yoast_head":"<!-- This site is optimized with the Yoast SEO plugin v27.5 - https:\/\/yoast.com\/product\/yoast-seo-wordpress\/ -->\n<title>Le patrimoine du cyanotype - Laure Martin, artiste plasticienne \u00e0 Bordeaux<\/title>\n<meta name=\"robots\" content=\"index, follow, max-snippet:-1, max-image-preview:large, max-video-preview:-1\" \/>\n<link rel=\"canonical\" href=\"https:\/\/lauremartin.fr\/art\/rencontre\/le-patrimoine-du-cyanotype\/\" \/>\n<meta property=\"og:locale\" content=\"fr_FR\" \/>\n<meta property=\"og:type\" content=\"article\" \/>\n<meta property=\"og:title\" content=\"Le patrimoine du cyanotype - Laure Martin, artiste plasticienne \u00e0 Bordeaux\" \/>\n<meta property=\"og:description\" content=\"S\u00e9ance d\u00e9couverte, \u00e0 l&#039;occasion des Journ\u00e9es Europ\u00e9ennes du Patrimoine\" \/>\n<meta property=\"og:url\" content=\"https:\/\/lauremartin.fr\/art\/rencontre\/le-patrimoine-du-cyanotype\/\" \/>\n<meta property=\"og:site_name\" content=\"Laure Martin, artiste plasticienne \u00e0 Bordeaux\" \/>\n<meta property=\"article:published_time\" content=\"2025-06-06T11:57:42+00:00\" \/>\n<meta property=\"article:modified_time\" content=\"2026-01-28T09:57:42+00:00\" \/>\n<meta property=\"og:image\" content=\"https:\/\/lauremartin.fr\/art\/wp-content\/uploads\/sites\/4\/2025\/07\/LaureMartinCreations_Puyblanquet2023.jpg\" \/>\n\t<meta property=\"og:image:width\" content=\"1080\" \/>\n\t<meta property=\"og:image:height\" content=\"1080\" \/>\n\t<meta property=\"og:image:type\" content=\"image\/jpeg\" \/>\n<meta name=\"author\" content=\"Laure Martin\" \/>\n<meta name=\"twitter:card\" content=\"summary_large_image\" \/>\n<meta name=\"twitter:label1\" content=\"\u00c9crit par\" \/>\n\t<meta name=\"twitter:data1\" content=\"Laure Martin\" \/>\n\t<meta name=\"twitter:label2\" content=\"Dur\u00e9e de lecture estim\u00e9e\" \/>\n\t<meta name=\"twitter:data2\" content=\"1 minute\" \/>\n<script type=\"application\/ld+json\" class=\"yoast-schema-graph\">{\"@context\":\"https:\\\/\\\/schema.org\",\"@graph\":[{\"@type\":\"Article\",\"@id\":\"https:\\\/\\\/lauremartin.fr\\\/art\\\/rencontre\\\/le-patrimoine-du-cyanotype\\\/#article\",\"isPartOf\":{\"@id\":\"https:\\\/\\\/lauremartin.fr\\\/art\\\/rencontre\\\/le-patrimoine-du-cyanotype\\\/\"},\"author\":{\"name\":\"Laure Martin\",\"@id\":\"https:\\\/\\\/lauremartin.fr\\\/art\\\/#\\\/schema\\\/person\\\/a08d539c0a8fd3d25900f0b9f24c301f\"},\"headline\":\"Le patrimoine du cyanotype\",\"datePublished\":\"2025-06-06T11:57:42+00:00\",\"dateModified\":\"2026-01-28T09:57:42+00:00\",\"mainEntityOfPage\":{\"@id\":\"https:\\\/\\\/lauremartin.fr\\\/art\\\/rencontre\\\/le-patrimoine-du-cyanotype\\\/\"},\"wordCount\":146,\"commentCount\":0,\"publisher\":{\"@id\":\"https:\\\/\\\/lauremartin.fr\\\/art\\\/#organization\"},\"image\":{\"@id\":\"https:\\\/\\\/lauremartin.fr\\\/art\\\/rencontre\\\/le-patrimoine-du-cyanotype\\\/#primaryimage\"},\"thumbnailUrl\":\"https:\\\/\\\/lauremartin.fr\\\/art\\\/wp-content\\\/uploads\\\/sites\\\/4\\\/2025\\\/07\\\/LaureMartinCreations_Puyblanquet2023.jpg\",\"articleSection\":[\"Rencontres\",\"Ateliers collectifs\"],\"inLanguage\":\"fr-FR\",\"potentialAction\":[{\"@type\":\"CommentAction\",\"name\":\"Comment\",\"target\":[\"https:\\\/\\\/lauremartin.fr\\\/art\\\/rencontre\\\/le-patrimoine-du-cyanotype\\\/#respond\"]}]},{\"@type\":\"WebPage\",\"@id\":\"https:\\\/\\\/lauremartin.fr\\\/art\\\/rencontre\\\/le-patrimoine-du-cyanotype\\\/\",\"url\":\"https:\\\/\\\/lauremartin.fr\\\/art\\\/rencontre\\\/le-patrimoine-du-cyanotype\\\/\",\"name\":\"Le patrimoine du cyanotype - Laure Martin, artiste plasticienne \u00e0 Bordeaux\",\"isPartOf\":{\"@id\":\"https:\\\/\\\/lauremartin.fr\\\/art\\\/#website\"},\"primaryImageOfPage\":{\"@id\":\"https:\\\/\\\/lauremartin.fr\\\/art\\\/rencontre\\\/le-patrimoine-du-cyanotype\\\/#primaryimage\"},\"image\":{\"@id\":\"https:\\\/\\\/lauremartin.fr\\\/art\\\/rencontre\\\/le-patrimoine-du-cyanotype\\\/#primaryimage\"},\"thumbnailUrl\":\"https:\\\/\\\/lauremartin.fr\\\/art\\\/wp-content\\\/uploads\\\/sites\\\/4\\\/2025\\\/07\\\/LaureMartinCreations_Puyblanquet2023.jpg\",\"datePublished\":\"2025-06-06T11:57:42+00:00\",\"dateModified\":\"2026-01-28T09:57:42+00:00\",\"breadcrumb\":{\"@id\":\"https:\\\/\\\/lauremartin.fr\\\/art\\\/rencontre\\\/le-patrimoine-du-cyanotype\\\/#breadcrumb\"},\"inLanguage\":\"fr-FR\",\"potentialAction\":[{\"@type\":\"ReadAction\",\"target\":[\"https:\\\/\\\/lauremartin.fr\\\/art\\\/rencontre\\\/le-patrimoine-du-cyanotype\\\/\"]}]},{\"@type\":\"ImageObject\",\"inLanguage\":\"fr-FR\",\"@id\":\"https:\\\/\\\/lauremartin.fr\\\/art\\\/rencontre\\\/le-patrimoine-du-cyanotype\\\/#primaryimage\",\"url\":\"https:\\\/\\\/lauremartin.fr\\\/art\\\/wp-content\\\/uploads\\\/sites\\\/4\\\/2025\\\/07\\\/LaureMartinCreations_Puyblanquet2023.jpg\",\"contentUrl\":\"https:\\\/\\\/lauremartin.fr\\\/art\\\/wp-content\\\/uploads\\\/sites\\\/4\\\/2025\\\/07\\\/LaureMartinCreations_Puyblanquet2023.jpg\",\"width\":1080,\"height\":1080},{\"@type\":\"BreadcrumbList\",\"@id\":\"https:\\\/\\\/lauremartin.fr\\\/art\\\/rencontre\\\/le-patrimoine-du-cyanotype\\\/#breadcrumb\",\"itemListElement\":[{\"@type\":\"ListItem\",\"position\":1,\"name\":\"Accueil\",\"item\":\"https:\\\/\\\/lauremartin.fr\\\/art\\\/\"},{\"@type\":\"ListItem\",\"position\":2,\"name\":\"Le patrimoine du cyanotype\"}]},{\"@type\":\"WebSite\",\"@id\":\"https:\\\/\\\/lauremartin.fr\\\/art\\\/#website\",\"url\":\"https:\\\/\\\/lauremartin.fr\\\/art\\\/\",\"name\":\"Laure Martin, artiste plasticienne \u00e0 Bordeaux\",\"description\":\"Pour un art respectueux du vivant\",\"publisher\":{\"@id\":\"https:\\\/\\\/lauremartin.fr\\\/art\\\/#organization\"},\"potentialAction\":[{\"@type\":\"SearchAction\",\"target\":{\"@type\":\"EntryPoint\",\"urlTemplate\":\"https:\\\/\\\/lauremartin.fr\\\/art\\\/?s={search_term_string}\"},\"query-input\":{\"@type\":\"PropertyValueSpecification\",\"valueRequired\":true,\"valueName\":\"search_term_string\"}}],\"inLanguage\":\"fr-FR\"},{\"@type\":\"Organization\",\"@id\":\"https:\\\/\\\/lauremartin.fr\\\/art\\\/#organization\",\"name\":\"Laure Martin, artiste plasticienne \u00e0 Bordeaux\",\"url\":\"https:\\\/\\\/lauremartin.fr\\\/art\\\/\",\"logo\":{\"@type\":\"ImageObject\",\"inLanguage\":\"fr-FR\",\"@id\":\"https:\\\/\\\/lauremartin.fr\\\/art\\\/#\\\/schema\\\/logo\\\/image\\\/\",\"url\":\"https:\\\/\\\/lauremartin.fr\\\/art\\\/wp-content\\\/uploads\\\/sites\\\/4\\\/2026\\\/01\\\/logo-full-blanc.png\",\"contentUrl\":\"https:\\\/\\\/lauremartin.fr\\\/art\\\/wp-content\\\/uploads\\\/sites\\\/4\\\/2026\\\/01\\\/logo-full-blanc.png\",\"width\":926,\"height\":564,\"caption\":\"Laure Martin, artiste plasticienne \u00e0 Bordeaux\"},\"image\":{\"@id\":\"https:\\\/\\\/lauremartin.fr\\\/art\\\/#\\\/schema\\\/logo\\\/image\\\/\"}},{\"@type\":\"Person\",\"@id\":\"https:\\\/\\\/lauremartin.fr\\\/art\\\/#\\\/schema\\\/person\\\/a08d539c0a8fd3d25900f0b9f24c301f\",\"name\":\"Laure Martin\",\"image\":{\"@type\":\"ImageObject\",\"inLanguage\":\"fr-FR\",\"@id\":\"https:\\\/\\\/secure.gravatar.com\\\/avatar\\\/5b6a494041c6dd90abd4bd37df4701c58e8eca92b1e5ea044aa53f0d5610213b?s=96&d=mm&r=g\",\"url\":\"https:\\\/\\\/secure.gravatar.com\\\/avatar\\\/5b6a494041c6dd90abd4bd37df4701c58e8eca92b1e5ea044aa53f0d5610213b?s=96&d=mm&r=g\",\"contentUrl\":\"https:\\\/\\\/secure.gravatar.com\\\/avatar\\\/5b6a494041c6dd90abd4bd37df4701c58e8eca92b1e5ea044aa53f0d5610213b?s=96&d=mm&r=g\",\"caption\":\"Laure Martin\"},\"sameAs\":[\"https:\\\/\\\/lauremartin.fr\"],\"url\":\"https:\\\/\\\/lauremartin.fr\\\/art\\\/author\\\/laure\\\/\"}]}<\/script>\n<!-- \/ Yoast SEO plugin. -->","yoast_head_json":{"title":"Le patrimoine du cyanotype - Laure Martin, artiste plasticienne \u00e0 Bordeaux","robots":{"index":"index","follow":"follow","max-snippet":"max-snippet:-1","max-image-preview":"max-image-preview:large","max-video-preview":"max-video-preview:-1"},"canonical":"https:\/\/lauremartin.fr\/art\/rencontre\/le-patrimoine-du-cyanotype\/","og_locale":"fr_FR","og_type":"article","og_title":"Le patrimoine du cyanotype - Laure Martin, artiste plasticienne \u00e0 Bordeaux","og_description":"S\u00e9ance d\u00e9couverte, \u00e0 l'occasion des Journ\u00e9es Europ\u00e9ennes du Patrimoine","og_url":"https:\/\/lauremartin.fr\/art\/rencontre\/le-patrimoine-du-cyanotype\/","og_site_name":"Laure Martin, artiste plasticienne \u00e0 Bordeaux","article_published_time":"2025-06-06T11:57:42+00:00","article_modified_time":"2026-01-28T09:57:42+00:00","og_image":[{"width":1080,"height":1080,"url":"https:\/\/lauremartin.fr\/art\/wp-content\/uploads\/sites\/4\/2025\/07\/LaureMartinCreations_Puyblanquet2023.jpg","type":"image\/jpeg"}],"author":"Laure Martin","twitter_card":"summary_large_image","twitter_misc":{"\u00c9crit par":"Laure Martin","Dur\u00e9e de lecture estim\u00e9e":"1 minute"},"schema":{"@context":"https:\/\/schema.org","@graph":[{"@type":"Article","@id":"https:\/\/lauremartin.fr\/art\/rencontre\/le-patrimoine-du-cyanotype\/#article","isPartOf":{"@id":"https:\/\/lauremartin.fr\/art\/rencontre\/le-patrimoine-du-cyanotype\/"},"author":{"name":"Laure Martin","@id":"https:\/\/lauremartin.fr\/art\/#\/schema\/person\/a08d539c0a8fd3d25900f0b9f24c301f"},"headline":"Le patrimoine du cyanotype","datePublished":"2025-06-06T11:57:42+00:00","dateModified":"2026-01-28T09:57:42+00:00","mainEntityOfPage":{"@id":"https:\/\/lauremartin.fr\/art\/rencontre\/le-patrimoine-du-cyanotype\/"},"wordCount":146,"commentCount":0,"publisher":{"@id":"https:\/\/lauremartin.fr\/art\/#organization"},"image":{"@id":"https:\/\/lauremartin.fr\/art\/rencontre\/le-patrimoine-du-cyanotype\/#primaryimage"},"thumbnailUrl":"https:\/\/lauremartin.fr\/art\/wp-content\/uploads\/sites\/4\/2025\/07\/LaureMartinCreations_Puyblanquet2023.jpg","articleSection":["Rencontres","Ateliers collectifs"],"inLanguage":"fr-FR","potentialAction":[{"@type":"CommentAction","name":"Comment","target":["https:\/\/lauremartin.fr\/art\/rencontre\/le-patrimoine-du-cyanotype\/#respond"]}]},{"@type":"WebPage","@id":"https:\/\/lauremartin.fr\/art\/rencontre\/le-patrimoine-du-cyanotype\/","url":"https:\/\/lauremartin.fr\/art\/rencontre\/le-patrimoine-du-cyanotype\/","name":"Le patrimoine du cyanotype - Laure Martin, artiste plasticienne \u00e0 Bordeaux","isPartOf":{"@id":"https:\/\/lauremartin.fr\/art\/#website"},"primaryImageOfPage":{"@id":"https:\/\/lauremartin.fr\/art\/rencontre\/le-patrimoine-du-cyanotype\/#primaryimage"},"image":{"@id":"https:\/\/lauremartin.fr\/art\/rencontre\/le-patrimoine-du-cyanotype\/#primaryimage"},"thumbnailUrl":"https:\/\/lauremartin.fr\/art\/wp-content\/uploads\/sites\/4\/2025\/07\/LaureMartinCreations_Puyblanquet2023.jpg","datePublished":"2025-06-06T11:57:42+00:00","dateModified":"2026-01-28T09:57:42+00:00","breadcrumb":{"@id":"https:\/\/lauremartin.fr\/art\/rencontre\/le-patrimoine-du-cyanotype\/#breadcrumb"},"inLanguage":"fr-FR","potentialAction":[{"@type":"ReadAction","target":["https:\/\/lauremartin.fr\/art\/rencontre\/le-patrimoine-du-cyanotype\/"]}]},{"@type":"ImageObject","inLanguage":"fr-FR","@id":"https:\/\/lauremartin.fr\/art\/rencontre\/le-patrimoine-du-cyanotype\/#primaryimage","url":"https:\/\/lauremartin.fr\/art\/wp-content\/uploads\/sites\/4\/2025\/07\/LaureMartinCreations_Puyblanquet2023.jpg","contentUrl":"https:\/\/lauremartin.fr\/art\/wp-content\/uploads\/sites\/4\/2025\/07\/LaureMartinCreations_Puyblanquet2023.jpg","width":1080,"height":1080},{"@type":"BreadcrumbList","@id":"https:\/\/lauremartin.fr\/art\/rencontre\/le-patrimoine-du-cyanotype\/#breadcrumb","itemListElement":[{"@type":"ListItem","position":1,"name":"Accueil","item":"https:\/\/lauremartin.fr\/art\/"},{"@type":"ListItem","position":2,"name":"Le patrimoine du cyanotype"}]},{"@type":"WebSite","@id":"https:\/\/lauremartin.fr\/art\/#website","url":"https:\/\/lauremartin.fr\/art\/","name":"Laure Martin, artiste plasticienne \u00e0 Bordeaux","description":"Pour un art respectueux du vivant","publisher":{"@id":"https:\/\/lauremartin.fr\/art\/#organization"},"potentialAction":[{"@type":"SearchAction","target":{"@type":"EntryPoint","urlTemplate":"https:\/\/lauremartin.fr\/art\/?s={search_term_string}"},"query-input":{"@type":"PropertyValueSpecification","valueRequired":true,"valueName":"search_term_string"}}],"inLanguage":"fr-FR"},{"@type":"Organization","@id":"https:\/\/lauremartin.fr\/art\/#organization","name":"Laure Martin, artiste plasticienne \u00e0 Bordeaux","url":"https:\/\/lauremartin.fr\/art\/","logo":{"@type":"ImageObject","inLanguage":"fr-FR","@id":"https:\/\/lauremartin.fr\/art\/#\/schema\/logo\/image\/","url":"https:\/\/lauremartin.fr\/art\/wp-content\/uploads\/sites\/4\/2026\/01\/logo-full-blanc.png","contentUrl":"https:\/\/lauremartin.fr\/art\/wp-content\/uploads\/sites\/4\/2026\/01\/logo-full-blanc.png","width":926,"height":564,"caption":"Laure Martin, artiste plasticienne \u00e0 Bordeaux"},"image":{"@id":"https:\/\/lauremartin.fr\/art\/#\/schema\/logo\/image\/"}},{"@type":"Person","@id":"https:\/\/lauremartin.fr\/art\/#\/schema\/person\/a08d539c0a8fd3d25900f0b9f24c301f","name":"Laure Martin","image":{"@type":"ImageObject","inLanguage":"fr-FR","@id":"https:\/\/secure.gravatar.com\/avatar\/5b6a494041c6dd90abd4bd37df4701c58e8eca92b1e5ea044aa53f0d5610213b?s=96&d=mm&r=g","url":"https:\/\/secure.gravatar.com\/avatar\/5b6a494041c6dd90abd4bd37df4701c58e8eca92b1e5ea044aa53f0d5610213b?s=96&d=mm&r=g","contentUrl":"https:\/\/secure.gravatar.com\/avatar\/5b6a494041c6dd90abd4bd37df4701c58e8eca92b1e5ea044aa53f0d5610213b?s=96&d=mm&r=g","caption":"Laure Martin"},"sameAs":["https:\/\/lauremartin.fr"],"url":"https:\/\/lauremartin.fr\/art\/author\/laure\/"}]}},"_links":{"self":[{"href":"https:\/\/lauremartin.fr\/art\/wp-json\/wp\/v2\/posts\/362","targetHints":{"allow":["GET"]}}],"collection":[{"href":"https:\/\/lauremartin.fr\/art\/wp-json\/wp\/v2\/posts"}],"about":[{"href":"https:\/\/lauremartin.fr\/art\/wp-json\/wp\/v2\/types\/post"}],"author":[{"embeddable":true,"href":"https:\/\/lauremartin.fr\/art\/wp-json\/wp\/v2\/users\/2"}],"replies":[{"embeddable":true,"href":"https:\/\/lauremartin.fr\/art\/wp-json\/wp\/v2\/comments?post=362"}],"version-history":[{"count":1,"href":"https:\/\/lauremartin.fr\/art\/wp-json\/wp\/v2\/posts\/362\/revisions"}],"predecessor-version":[{"id":1457,"href":"https:\/\/lauremartin.fr\/art\/wp-json\/wp\/v2\/posts\/362\/revisions\/1457"}],"wp:featuredmedia":[{"embeddable":true,"href":"https:\/\/lauremartin.fr\/art\/wp-json\/wp\/v2\/media\/1275"}],"wp:attachment":[{"href":"https:\/\/lauremartin.fr\/art\/wp-json\/wp\/v2\/media?parent=362"}],"wp:term":[{"taxonomy":"category","embeddable":true,"href":"https:\/\/lauremartin.fr\/art\/wp-json\/wp\/v2\/categories?post=362"},{"taxonomy":"post_tag","embeddable":true,"href":"https:\/\/lauremartin.fr\/art\/wp-json\/wp\/v2\/tags?post=362"}],"curies":[{"name":"wp","href":"https:\/\/api.w.org\/{rel}","templated":true}]}}